{"id":561,"date":"2018-05-17T12:44:50","date_gmt":"2018-05-17T09:44:50","guid":{"rendered":"https:\/\/villamenelaos.gr\/nous-serons-ravis-de-vous-accueillir\/"},"modified":"2018-10-25T11:07:26","modified_gmt":"2018-10-25T08:07:26","slug":"nous-serons-ravis-de-vous-accueillir","status":"publish","type":"post","link":"https:\/\/villamenelaos.gr\/fr\/nous-serons-ravis-de-vous-accueillir\/","title":{"rendered":"Nous serons ravis de vous accueillir !"},"content":{"rendered":"<p>[et_pb_section bb_built=\u00a0\u00bb1&Prime; _builder_version=\u00a0\u00bb3.2.2&Prime; background_image=\u00a0\u00bbhttps:\/\/villamenelaos.gr\/wp-content\/uploads\/2018\/05\/A36A1963.jpg\u00a0\u00bb next_background_color=\u00a0\u00bb#ffffff\u00a0\u00bb][et_pb_row _builder_version=\u00a0\u00bb3.0.47&Prime; background_size=\u00a0\u00bbinitial\u00a0\u00bb background_position=\u00a0\u00bbtop_left\u00a0\u00bb background_repeat=\u00a0\u00bbrepeat\u00a0\u00bb custom_padding=\u00a0\u00bb27px|0px|27px|0px|false|false\u00a0\u00bb][et_pb_column type=\u00a0\u00bb4_4&Prime;][et_pb_divider show_divider=\u00a0\u00bboff\u00a0\u00bb height=\u00a0\u00bb600px\u00a0\u00bb _builder_version=\u00a0\u00bb3.2.2&Prime; \/][\/et_pb_column][\/et_pb_row][\/et_pb_section][et_pb_section bb_built=\u00a0\u00bb1&Prime; _builder_version=\u00a0\u00bb3.2.2&Prime; prev_background_color=\u00a0\u00bb#000000&Prime;][et_pb_row _builder_version=\u00a0\u00bb3.2.2&Prime;][et_pb_column type=\u00a0\u00bb4_4&Prime;][et_pb_text _builder_version=\u00a0\u00bb3.2.2&Prime;]<\/p>\n<p>Cette ann\u00e9e fut une p\u00e9riode tr\u00e8s intense pour nous. Nous avons investi \u00e9norm\u00e9ment de temps et d&rsquo;amour dans la r\u00e9novation de cette villa. Nous sommes d\u00e9sormais pr\u00eats \u00e0 accueillir nos premiers clients et sommes impatient de recevoir nos premiers commentaires de la part de nos visiteurs.<\/p>\n<p>Souhaitez-vous faire partie de nos premiers clients ?<\/p>\n<p>[\/et_pb_text][et_pb_button button_url=\u00a0\u00bbhttps:\/\/www.booking.com\/hotel\/gr\/villa-menelaos.el.html\u00a0\u00bb url_new_window=\u00a0\u00bbon\u00a0\u00bb button_text=\u00a0\u00bbAFFICHER NOTRE PAGE SUR BOOKING.COM\u00a0\u00bb button_alignment=\u00a0\u00bbcenter\u00a0\u00bb _builder_version=\u00a0\u00bb3.2.2&Prime; custom_button=\u00a0\u00bbon\u00a0\u00bb button_text_size=\u00a0\u00bb18px\u00a0\u00bb button_text_color=\u00a0\u00bb#ffffff\u00a0\u00bb button_bg_color=\u00a0\u00bb#bb4003&Prime; button_border_color=\u00a0\u00bb#bb4003&Prime; button_border_radius=\u00a0\u00bb0px\u00a0\u00bb button_font=\u00a0\u00bb|||on|||||\u00a0\u00bb button_icon=\u00a0\u00bb%%3%%\u00a0\u00bb button_icon_color=\u00a0\u00bb#ffffff\u00a0\u00bb button_border_radius_hover=\u00a0\u00bb0px\u00a0\u00bb button_letter_spacing_hover=\u00a0\u00bb0px\u00a0\u00bb background_layout=\u00a0\u00bbdark\u00a0\u00bb custom_margin=\u00a0\u00bb|||\u00a0\u00bb custom_padding=\u00a0\u00bb|||\u00a0\u00bb saved_tabs=\u00a0\u00bball\u00a0\u00bb global_module=\u00a0\u00bb183&Prime; \/][\/et_pb_column][\/et_pb_row][\/et_pb_section]<\/p>\n","protected":false},"excerpt":{"rendered":"<p>Cette ann\u00e9e fut une p\u00e9riode tr\u00e8s intense pour nous. Nous avons investi \u00e9norm\u00e9ment de temps et d&rsquo;amour dans la r\u00e9novation de cette villa. Nous sommes d\u00e9sormais pr\u00eats \u00e0 accueillir nos premiers clients et sommes impatient de recevoir nos premiers commentaires de la part de nos visiteurs. Souhaitez-vous faire partie de nos premiers clients ?<\/p>\n","protected":false},"author":1,"featured_media":957,"comment_status":"open","ping_status":"open","sticky":false,"template":"","format":"standard","meta":{"_et_pb_use_builder":"on","_et_pb_old_content":"","_et_gb_content_width":"","footnotes":""},"categories":[16],"tags":[],"class_list":["post-561","post","type-post","status-publish","format-standard","has-post-thumbnail","hentry","category-blog-fr"],"_links":{"self":[{"href":"https:\/\/villamenelaos.gr\/fr\/wp-json\/wp\/v2\/posts\/561","targetHints":{"allow":["GET"]}}],"collection":[{"href":"https:\/\/villamenelaos.gr\/fr\/wp-json\/wp\/v2\/posts"}],"about":[{"href":"https:\/\/villamenelaos.gr\/fr\/wp-json\/wp\/v2\/types\/post"}],"author":[{"embeddable":true,"href":"https:\/\/villamenelaos.gr\/fr\/wp-json\/wp\/v2\/users\/1"}],"replies":[{"embeddable":true,"href":"https:\/\/villamenelaos.gr\/fr\/wp-json\/wp\/v2\/comments?post=561"}],"version-history":[{"count":1,"href":"https:\/\/villamenelaos.gr\/fr\/wp-json\/wp\/v2\/posts\/561\/revisions"}],"predecessor-version":[{"id":562,"href":"https:\/\/villamenelaos.gr\/fr\/wp-json\/wp\/v2\/posts\/561\/revisions\/562"}],"wp:featuredmedia":[{"embeddable":true,"href":"https:\/\/villamenelaos.gr\/fr\/wp-json\/wp\/v2\/media\/957"}],"wp:attachment":[{"href":"https:\/\/villamenelaos.gr\/fr\/wp-json\/wp\/v2\/media?parent=561"}],"wp:term":[{"taxonomy":"category","embeddable":true,"href":"https:\/\/villamenelaos.gr\/fr\/wp-json\/wp\/v2\/categories?post=561"},{"taxonomy":"post_tag","embeddable":true,"href":"https:\/\/villamenelaos.gr\/fr\/wp-json\/wp\/v2\/tags?post=561"}],"curies":[{"name":"wp","href":"https:\/\/api.w.org\/{rel}","templated":true}]}}